{"id":46,"date":"2023-08-01T14:49:33","date_gmt":"2023-08-01T14:49:33","guid":{"rendered":"https:\/\/www.galutti.com.br\/blog\/?p=46"},"modified":"2023-09-20T14:16:58","modified_gmt":"2023-09-20T14:16:58","slug":"saiba-como-evitar-dores-na-coluna-ao-dirigir","status":"publish","type":"post","link":"https:\/\/www.galutti.com.br\/blog\/tela-de-assento-automotiva\/saiba-como-evitar-dores-na-coluna-ao-dirigir\/","title":{"rendered":"Saiba como evitar dores na coluna ao dirigir"},"content":{"rendered":"<span class=\"rt-reading-time\" style=\"display: block;\"><span class=\"rt-label rt-prefix\">Tempo de leitura:<\/span> <span class=\"rt-time\">4<\/span> <span class=\"rt-label rt-postfix\">minutos<\/span><\/span>\n<p class=\"has-medium-font-size\"><strong><em>O uso de telas de assento automotivas \u00e9 a maneira mais eficaz para evitar dores na coluna ao dirigir. Saiba mais sobre ela, no conte\u00fado a seguir.<\/em><\/strong><\/p>\n\n\n<div class=\"wp-block-image\">\n<figure class=\"alignright size-full is-resized\"><img loading=\"lazy\" decoding=\"async\" src=\"https:\/\/www.galutti.com.br\/blog\/wp-content\/uploads\/2023\/07\/tela-assento.webp\" alt=\"Saiba como evitar dores na coluna ao dirigir\" class=\"wp-image-49\" style=\"width:448px;height:310px\" width=\"448\" height=\"310\"\/><\/figure>\n<\/div>\n\n\n<p>Dirigir \u00e9 uma atividade comum na vida moderna e muitos de n\u00f3s passamos horas ao volante todos os dias, seja a trabalho ou lazer. No entanto, essa atividade pode se tornar um problema se n\u00e3o tomarmos cuidados adequados com nossa postura e ergonomia durante o trajeto.&nbsp;<\/p>\n\n\n\n<p>Neste artigo, discutiremos os principais fatores que levam ao surgimento de dores na coluna ao dirigir e apresentaremos uma solu\u00e7\u00e3o eficaz para prevenir esse desconforto: as <strong>telas de assento automotivas<\/strong>.&nbsp;<\/p>\n\n\n\n<p>Acompanhe e descubra como essa inova\u00e7\u00e3o pode tornar suas viagens mais confort\u00e1veis e seguras.<\/p>\n\n\n\n<ul class=\"wp-block-list\">\n<li><a href=\"https:\/\/www.galutti.com.br\/blog\/pecas-automotivas\/apoio-de-braco-automotivo\/\">Apoio de bra\u00e7o automotivo: import\u00e2ncia e funcionalidade!<\/a><\/li>\n<\/ul>\n\n\n\n<div id=\"ez-toc-container\" class=\"ez-toc-v2_0_62 counter-hierarchy ez-toc-counter ez-toc-white ez-toc-container-direction\">\n<div class=\"ez-toc-title-container\">\n<p class=\"ez-toc-title \" >LISTA DE T&Oacute;PICOS<\/p>\n<span class=\"ez-toc-title-toggle\"><a href=\"#\" class=\"ez-toc-pull-right ez-toc-btn ez-toc-btn-xs ez-toc-btn-default ez-toc-toggle\" aria-label=\"Toggle Table of Content\"><span class=\"ez-toc-js-icon-con\"><span class=\"\"><span class=\"eztoc-hide\" style=\"display:none;\">Toggle<\/span><span class=\"ez-toc-icon-toggle-span\"><svg style=\"fill: #999;color:#999\" xmlns=\"http:\/\/www.w3.org\/2000\/svg\" class=\"list-377408\" width=\"20px\" height=\"20px\" viewBox=\"0 0 24 24\" fill=\"none\"><path d=\"M6 6H4v2h2V6zm14 0H8v2h12V6zM4 11h2v2H4v-2zm16 0H8v2h12v-2zM4 16h2v2H4v-2zm16 0H8v2h12v-2z\" fill=\"currentColor\"><\/path><\/svg><svg style=\"fill: #999;color:#999\" class=\"arrow-unsorted-368013\" xmlns=\"http:\/\/www.w3.org\/2000\/svg\" width=\"10px\" height=\"10px\" viewBox=\"0 0 24 24\" version=\"1.2\" baseProfile=\"tiny\"><path d=\"M18.2 9.3l-6.2-6.3-6.2 6.3c-.2.2-.3.4-.3.7s.1.5.3.7c.2.2.4.3.7.3h11c.3 0 .5-.1.7-.3.2-.2.3-.5.3-.7s-.1-.5-.3-.7zM5.8 14.7l6.2 6.3 6.2-6.3c.2-.2.3-.5.3-.7s-.1-.5-.3-.7c-.2-.2-.4-.3-.7-.3h-11c-.3 0-.5.1-.7.3-.2.2-.3.5-.3.7s.1.5.3.7z\"\/><\/svg><\/span><\/span><\/span><\/a><\/span><\/div>\n<nav><ul class='ez-toc-list ez-toc-list-level-1 ' ><li class='ez-toc-page-1 ez-toc-heading-level-2'><a class=\"ez-toc-link ez-toc-heading-1\" href=\"https:\/\/www.galutti.com.br\/blog\/tela-de-assento-automotiva\/saiba-como-evitar-dores-na-coluna-ao-dirigir\/#Mas_afinal_o_que_leva_ao_surgimento_de_dores_na_coluna_ao_dirigir\" title=\"Mas, afinal, o que leva ao surgimento de dores na coluna ao dirigir?\">Mas, afinal, o que leva ao surgimento de dores na coluna ao dirigir?<\/a><\/li><li class='ez-toc-page-1 ez-toc-heading-level-2'><a class=\"ez-toc-link ez-toc-heading-2\" href=\"https:\/\/www.galutti.com.br\/blog\/tela-de-assento-automotiva\/saiba-como-evitar-dores-na-coluna-ao-dirigir\/#Telas_de_assento_automotivas_conheca_essa_poderosa_aliada_para_reduzir_dores_na_coluna\" title=\"Telas de assento automotivas: conhe\u00e7a essa poderosa aliada para reduzir dores na coluna\">Telas de assento automotivas: conhe\u00e7a essa poderosa aliada para reduzir dores na coluna<\/a><\/li><li class='ez-toc-page-1 ez-toc-heading-level-2'><a class=\"ez-toc-link ez-toc-heading-3\" href=\"https:\/\/www.galutti.com.br\/blog\/tela-de-assento-automotiva\/saiba-como-evitar-dores-na-coluna-ao-dirigir\/#Procurando_por_um_fornecedor_de_telas_de_assento_automotivas_em_Sao_Paulo_conheca_a_Galutti\" title=\"Procurando por um fornecedor de telas de assento automotivas em S\u00e3o Paulo: conhe\u00e7a a Galutti!\">Procurando por um fornecedor de telas de assento automotivas em S\u00e3o Paulo: conhe\u00e7a a Galutti!<\/a><\/li><li class='ez-toc-page-1 ez-toc-heading-level-2'><a class=\"ez-toc-link ez-toc-heading-4\" href=\"https:\/\/www.galutti.com.br\/blog\/tela-de-assento-automotiva\/saiba-como-evitar-dores-na-coluna-ao-dirigir\/#Entre_em_contato_com_a_Galutti_Automotive\" title=\"Entre em contato com a Galutti Automotive!\">Entre em contato com a Galutti Automotive!<\/a><\/li><\/ul><\/nav><\/div>\n<h2 class=\"wp-block-heading\"><span class=\"ez-toc-section\" id=\"Mas_afinal_o_que_leva_ao_surgimento_de_dores_na_coluna_ao_dirigir\"><\/span>Mas, afinal, o que leva ao surgimento de dores na coluna ao dirigir?<span class=\"ez-toc-section-end\"><\/span><\/h2>\n\n\n\n<p>Antes de entendermos como evitar as dores na coluna ao dirigir, \u00e9 essencial compreender os fatores que contribuem para esse desconforto. Diversos aspectos podem influenciar a ocorr\u00eancia de dores na coluna durante a condu\u00e7\u00e3o de um ve\u00edculo, como:<\/p>\n\n\n\n<ul class=\"wp-block-list\">\n<li><strong>Postura inadequada<\/strong>: Muitos motoristas n\u00e3o se atentam \u00e0 sua postura enquanto dirigem, o que pode levar a uma sobrecarga na coluna vertebral e m\u00fasculos adjacentes.<\/li>\n<\/ul>\n\n\n\n<ul class=\"wp-block-list\">\n<li><strong>Ergonomia do ve\u00edculo<\/strong>: Carros com bancos mal projetados ou ajustes incorretos dos assentos podem criar pontos de press\u00e3o e tens\u00e3o nas costas do motorista.<\/li>\n<\/ul>\n\n\n\n<ul class=\"wp-block-list\">\n<li><strong>Vibra\u00e7\u00f5es e impactos<\/strong>: Estradas irregulares podem gerar vibra\u00e7\u00f5es e solavancos que afetam negativamente a coluna vertebral.<\/li>\n<\/ul>\n\n\n\n<ul class=\"wp-block-list\">\n<li><strong>Tempo prolongado na mesma posi\u00e7\u00e3o<\/strong>: Ficar sentado por longos per\u00edodos sem realizar pausas para esticar e movimentar-se pode agravar o desconforto.<\/li>\n<\/ul>\n\n\n\n<p>Agora que compreendemos os fatores que podem levar ao surgimento de dores na coluna ao dirigir, \u00e9 hora de conhecer uma solu\u00e7\u00e3o eficaz para prevenir esse problema.<\/p>\n\n\n\n<ul class=\"wp-block-list\">\n<li><a href=\"https:\/\/www.galutti.com.br\/blog\/componentes-de-bancos-automotivos\/onde-comprar-componentes-de-bancos-automotivos\/\">Onde comprar componentes de bancos automotivos?<\/a><\/li>\n<\/ul>\n\n\n\n<h2 class=\"wp-block-heading\"><span class=\"ez-toc-section\" id=\"Telas_de_assento_automotivas_conheca_essa_poderosa_aliada_para_reduzir_dores_na_coluna\"><\/span><strong>Telas de assento automotivas<\/strong>: conhe\u00e7a essa poderosa aliada para reduzir dores na coluna<span class=\"ez-toc-section-end\"><\/span><\/h2>\n\n\n\n<p>As telas de assento automotivas s\u00e3o uma inova\u00e7\u00e3o tecnol\u00f3gica projetada para proporcionar maior conforto e ergonomia durante a condu\u00e7\u00e3o de ve\u00edculos. Essas telas, aplicadas diretamente nos assentos dos autom\u00f3veis, oferecem benef\u00edcios significativos para a sa\u00fade da coluna do motorista, ajudando a reduzir dores e desconfortos.<\/p>\n\n\n\n<p>As principais vantagens das telas de assento automotivas incluem:<\/p>\n\n\n\n<p><strong>1. Distribui\u00e7\u00e3o uniforme do peso<\/strong>: As telas de assento s\u00e3o desenvolvidas para distribuir o peso do corpo de maneira uniforme, reduzindo a press\u00e3o em pontos espec\u00edficos da coluna e evitando sobrecargas.<\/p>\n\n\n\n<p><strong>2. Suporte lombar aprimorado<\/strong>: Muitas telas de assento oferecem suporte lombar ajust\u00e1vel, o que ajuda a manter a curvatura natural da coluna e evita a postura inadequada.<\/p>\n\n\n\n<p><strong>3. Absor\u00e7\u00e3o de vibra\u00e7\u00f5es<\/strong>: Algumas telas s\u00e3o projetadas para absorver as vibra\u00e7\u00f5es e impactos causados por irregularidades nas vias, protegendo a coluna do motorista.<\/p>\n\n\n\n<p><strong>4. Melhora da circula\u00e7\u00e3o sangu\u00ednea<\/strong>: A utiliza\u00e7\u00e3o de telas de assento pode contribuir para uma melhor circula\u00e7\u00e3o sangu\u00ednea nas \u00e1reas pr\u00f3ximas \u00e0 coluna, reduzindo a sensa\u00e7\u00e3o de cansa\u00e7o e formigamento.<\/p>\n\n\n\n<ul class=\"wp-block-list\">\n<li><a href=\"https:\/\/www.galutti.com.br\/blog\/molas-de-compressao\/descubra-onde-comprar-molas-de-compressao\/\">Descubra onde comprar molas de compress\u00e3o<\/a><\/li>\n<\/ul>\n\n\n\n<h2 class=\"wp-block-heading\"><span class=\"ez-toc-section\" id=\"Procurando_por_um_fornecedor_de_telas_de_assento_automotivas_em_Sao_Paulo_conheca_a_Galutti\"><\/span>Procurando por um fornecedor de telas de assento automotivas em S\u00e3o Paulo: conhe\u00e7a a <strong>Galutti!<\/strong><span class=\"ez-toc-section-end\"><\/span><\/h2>\n\n\n\n<p>Se voc\u00ea est\u00e1 interessado em adquirir telas de assento automotivas de alta qualidade em S\u00e3o Paulo, a <a href=\"https:\/\/www.galutti.com.br\/\">Galutti<\/a> \u00e9 a escolha ideal.&nbsp;<\/p>\n\n\n\n<p>Com uma ampla experi\u00eancia no mercado, a <a href=\"https:\/\/www.galutti.com.br\/\">Galutti<\/a> se destaca como uma empresa especializada em solu\u00e7\u00f5es ergon\u00f4micas para ve\u00edculos, oferecendo produtos que prezam pelo conforto e bem-estar do motorista.<\/p>\n\n\n\n<p>Sua principal miss\u00e3o \u00e9 proporcionar aos clientes a melhor experi\u00eancia ao dirigir, com produtos de excel\u00eancia que garantem a preven\u00e7\u00e3o de dores na coluna e promovem a sa\u00fade do condutor.&nbsp;<\/p>\n\n\n<div class=\"wp-block-image\">\n<figure class=\"aligncenter size-full is-resized\"><img loading=\"lazy\" decoding=\"async\" src=\"https:\/\/www.galutti.com.br\/blog\/wp-content\/uploads\/2023\/07\/dor-nas-costas-itc-vertebral-1-1.jpg\" alt=\"Saiba como evitar dores na coluna ao dirigir\" class=\"wp-image-48\" style=\"width:496px;height:331px\" width=\"496\" height=\"331\"\/><\/figure>\n<\/div>\n\n\n<h2 class=\"wp-block-heading\"><span class=\"ez-toc-section\" id=\"Entre_em_contato_com_a_Galutti_Automotive\"><\/span>Entre em contato com a <strong>Galutti Automotive<\/strong>!<span class=\"ez-toc-section-end\"><\/span><\/h2>\n\n\n\n<p>Se voc\u00ea deseja tornar suas viagens mais agrad\u00e1veis e seguras, <a href=\"https:\/\/api.whatsapp.com\/send?phone=551145438888\">entre em contato com a Galutti e solicite um or\u00e7amento para a instala\u00e7\u00e3o das telas de assento automotivas.<\/a><\/p>\n\n\n\n<p>Leia tamb\u00e9m:<\/p>\n\n\n\n<ul class=\"wp-block-list\">\n<li><a href=\"https:\/\/www.galutti.com.br\/blog\/componentes-de-bancos-automotivos\/onde-comprar-componentes-de-bancos-automotivos\/\">Onde comprar componentes de bancos automotivos?<\/a><\/li>\n\n\n\n<li><a href=\"https:\/\/www.galutti.com.br\/blog\/pecas-estampadas\/pecas-estampadas-em-sao-paulo-qual-empresa-contratar\/\">Pe\u00e7as estampadas em S\u00e3o Paulo: qual empresa contratar?<\/a><\/li>\n\n\n\n<li><a href=\"https:\/\/www.galutti.com.br\/blog\/molas-de-compressao\/descubra-onde-comprar-molas-de-compressao\/\">Descubra onde comprar molas de compress\u00e3o<\/a><\/li>\n<\/ul>\n\n\n\n<p><strong>At\u00e9 o pr\u00f3ximo artigo!<\/strong><\/p>\n","protected":false},"excerpt":{"rendered":"<p><span class=\"rt-reading-time\" style=\"display: block;\"><span class=\"rt-label rt-prefix\">Tempo de leitura:<\/span> <span class=\"rt-time\">4<\/span> <span class=\"rt-label rt-postfix\">minutos<\/span><\/span> O uso de telas de assento automotivas \u00e9 a maneira mais eficaz para evitar dores na coluna ao dirigir. Saiba mais sobre ela, no conte\u00fado a seguir. Dirigir \u00e9 uma atividade comum na vida moderna e muitos de n\u00f3s passamos&#8230;<\/p>\n","protected":false},"author":1,"featured_media":47,"comment_status":"open","ping_status":"open","sticky":false,"template":"","format":"standard","meta":{"footnotes":""},"categories":[725],"tags":[732,872,854,863,935,836,827,908,917,926,845,890,818,899,874,856,865,937,838,829,910,919,928,847,892,820,901,737,739,738,741,742,740,743,735,736,782,784,783,786,787,785,788,780,781,791,793,792,795,796,794,797,789,790,746,748,747,750,751,749,752,744,745,755,757,756,759,760,758,761,753,754,764,766,765,768,769,767,770,762,763,773,775,774,777,778,776,779,771,772,809,811,810,813,814,812,815,807,808,728,730,729,733,731,734,726,727,800,802,801,804,805,803,806,798,799,881,883,882,885,886,884,887,879,880,873,855,864,936,837,828,909,918,927,846,891,819,900,877,859,868,940,841,832,913,922,931,850,895,823,904,876,858,867,939,840,831,912,921,930,849,894,822,903,878,860,869,941,842,833,914,923,932,851,896,824,905,875,857,866,938,839,830,911,920,929,848,893,821,902,870,852,861,933,834,825,906,915,924,843,888,816,897,871,853,862,934,835,826,907,916,925,844,889,817,898],"class_list":["post-46","post","type-post","status-publish","format-standard","has-post-thumbnail","hentry","category-tela-de-assento-automotiva","tag-ref-onde-encontrar-tela-para-assento-automotivo","tag-assento-automotivo-ergonomico-direto-da-fabrica","tag-assento-automotivo-ergonomico-em-maua","tag-assento-automotivo-ergonomico-em-promocao","tag-assento-automotivo-ergonomico-em-santo-andre","tag-assento-automotivo-ergonomico-em-sao-paulo","tag-assento-automotivo-ergonomico-em-sp","tag-assento-automotivo-ergonomico-na-grande-sao-paulo","tag-assento-automotivo-ergonomico-na-grande-sp","tag-assento-automotivo-ergonomico-na-regiao-sudoeste","tag-assento-automotivo-ergonomico-no-polo-industrial-de-sertaozinho","tag-assento-automotivo-ergonomico-perto-de-mim","tag-assento-automotivo-ergonomico-preco","tag-assento-automotivo-ergonomico-proximo-a-mim","tag-assento-para-carro-direto-da-fabrica","tag-assento-para-carro-em-maua","tag-assento-para-carro-em-promocao","tag-assento-para-carro-em-santo-andre","tag-assento-para-carro-em-sao-paulo","tag-assento-para-carro-em-sp","tag-assento-para-carro-na-grande-sao-paulo","tag-assento-para-carro-na-grande-sp","tag-assento-para-carro-na-regiao-sudoeste","tag-assento-para-carro-no-polo-industrial-de-sertaozinho","tag-assento-para-carro-perto-de-mim","tag-assento-para-carro-preco","tag-assento-para-carro-proximo-a-mim","tag-comprar-assento-automotivo-ergonomico","tag-comprar-assento-para-carro","tag-comprar-tela-de-assento-ergonomico","tag-comprar-tela-para-assento-automotivo","tag-comprar-tela-para-assento-automotivo-confortavel","tag-comprar-tela-para-assento-de-cadeira","tag-comprar-tela-para-assento-de-cadeira-de-carro","tag-comprar-tela-para-assento-de-carro","tag-comprar-telas-de-assento-automotiva","tag-distribuidor-de-assento-automotivo-ergonomico","tag-distribuidor-de-assento-para-carro","tag-distribuidor-de-tela-de-assento-ergonomico","tag-distribuidor-de-tela-para-assento-automotivo","tag-distribuidor-de-tela-para-assento-automotivo-confortavel","tag-distribuidor-de-tela-para-assento-de-cadeira","tag-distribuidor-de-tela-para-assento-de-cadeira-de-carro","tag-distribuidor-de-tela-para-assento-de-carro","tag-distribuidor-de-telas-de-assento-automotiva","tag-distribuidora-de-assento-automotivo-ergonomico","tag-distribuidora-de-assento-para-carro","tag-distribuidora-de-tela-de-assento-ergonomico","tag-distribuidora-de-tela-para-assento-automotivo","tag-distribuidora-de-tela-para-assento-automotivo-confortavel","tag-distribuidora-de-tela-para-assento-de-cadeira","tag-distribuidora-de-tela-para-assento-de-cadeira-de-carro","tag-distribuidora-de-tela-para-assento-de-carro","tag-distribuidora-de-telas-de-assento-automotiva","tag-empresa-de-assento-automotivo-ergonomico","tag-empresa-de-assento-para-carro","tag-empresa-de-tela-de-assento-ergonomico","tag-empresa-de-tela-para-assento-automotivo","tag-empresa-de-tela-para-assento-automotivo-confortavel","tag-empresa-de-tela-para-assento-de-cadeira","tag-empresa-de-tela-para-assento-de-cadeira-de-carro","tag-empresa-de-tela-para-assento-de-carro","tag-empresa-de-telas-de-assento-automotiva","tag-fabrica-de-assento-automotivo-ergonomico","tag-fabrica-de-assento-para-carro","tag-fabrica-de-tela-de-assento-ergonomico","tag-fabrica-de-tela-para-assento-automotivo","tag-fabrica-de-tela-para-assento-automotivo-confortavel","tag-fabrica-de-tela-para-assento-de-cadeira","tag-fabrica-de-tela-para-assento-de-cadeira-de-carro","tag-fabrica-de-tela-para-assento-de-carro","tag-fabrica-de-telas-de-assento-automotiva","tag-fabricante-de-assento-automotivo-ergonomico","tag-fabricante-de-assento-para-carro","tag-fabricante-de-tela-de-assento-ergonomico","tag-fabricante-de-tela-para-assento-automotivo","tag-fabricante-de-tela-para-assento-automotivo-confortavel","tag-fabricante-de-tela-para-assento-de-cadeira","tag-fabricante-de-tela-para-assento-de-cadeira-de-carro","tag-fabricante-de-tela-para-assento-de-carro","tag-fabricante-de-telas-de-assento-automotiva","tag-fornecedor-de-assento-automotivo-ergonomico","tag-fornecedor-de-assento-para-carro","tag-fornecedor-de-tela-de-assento-ergonomico","tag-fornecedor-de-tela-para-assento-automotivo","tag-fornecedor-de-tela-para-assento-automotivo-confortavel","tag-fornecedor-de-tela-para-assento-de-cadeira","tag-fornecedor-de-tela-para-assento-de-cadeira-de-carro","tag-fornecedor-de-tela-para-assento-de-carro","tag-fornecedor-de-telas-de-assento-automotiva","tag-loja-de-assento-automotivo-ergonomico","tag-loja-de-assento-para-carro","tag-loja-de-tela-de-assento-ergonomico","tag-loja-de-tela-para-assento-automotivo","tag-loja-de-tela-para-assento-automotivo-confortavel","tag-loja-de-tela-para-assento-de-cadeira","tag-loja-de-tela-para-assento-de-cadeira-de-carro","tag-loja-de-tela-para-assento-de-carro","tag-loja-de-telas-de-assento-automotiva","tag-onde-encontrar-assento-automotivo-ergonomico","tag-onde-encontrar-assento-para-carro","tag-onde-encontrar-tela-de-assento-ergonomico","tag-onde-encontrar-tela-para-assento-automotivo-confortavel","tag-onde-encontrar-tela-para-assento-de-cadeira","tag-onde-encontrar-tela-para-assento-de-cadeira-de-carro","tag-onde-encontrar-tela-para-assento-de-carro","tag-onde-encontrar-telas-de-assento-automotiva","tag-revendedor-de-assento-automotivo-ergonomico","tag-revendedor-de-assento-para-carro","tag-revendedor-de-tela-de-assento-ergonomico","tag-revendedor-de-tela-para-assento-automotivo","tag-revendedor-de-tela-para-assento-automotivo-confortavel","tag-revendedor-de-tela-para-assento-de-cadeira","tag-revendedor-de-tela-para-assento-de-cadeira-de-carro","tag-revendedor-de-tela-para-assento-de-carro","tag-revendedor-de-telas-de-assento-automotiva","tag-servico-de-assento-automotivo-ergonomico","tag-servico-de-assento-para-carro","tag-servico-de-tela-de-assento-ergonomico","tag-servico-de-tela-para-assento-automotivo","tag-servico-de-tela-para-assento-automotivo-confortavel","tag-servico-de-tela-para-assento-de-cadeira","tag-servico-de-tela-para-assento-de-cadeira-de-carro","tag-servico-de-tela-para-assento-de-carro","tag-servico-de-telas-de-assento-automotiva","tag-tela-de-assento-ergonomico-direto-da-fabrica","tag-tela-de-assento-ergonomico-em-maua","tag-tela-de-assento-ergonomico-em-promocao","tag-tela-de-assento-ergonomico-em-santo-andre","tag-tela-de-assento-ergonomico-em-sao-paulo","tag-tela-de-assento-ergonomico-em-sp","tag-tela-de-assento-ergonomico-na-grande-sao-paulo","tag-tela-de-assento-ergonomico-na-grande-sp","tag-tela-de-assento-ergonomico-na-regiao-sudoeste","tag-tela-de-assento-ergonomico-no-polo-industrial-de-sertaozinho","tag-tela-de-assento-ergonomico-perto-de-mim","tag-tela-de-assento-ergonomico-preco","tag-tela-de-assento-ergonomico-proximo-a-mim","tag-tela-para-assento-automotivo-confortavel-direto-da-fabrica","tag-tela-para-assento-automotivo-confortavel-em-maua","tag-tela-para-assento-automotivo-confortavel-em-promocao","tag-tela-para-assento-automotivo-confortavel-em-santo-andre","tag-tela-para-assento-automotivo-confortavel-em-sao-paulo","tag-tela-para-assento-automotivo-confortavel-em-sp","tag-tela-para-assento-automotivo-confortavel-na-grande-sao-paulo","tag-tela-para-assento-automotivo-confortavel-na-grande-sp","tag-tela-para-assento-automotivo-confortavel-na-regiao-sudoeste","tag-tela-para-assento-automotivo-confortavel-no-polo-industrial-de-sertaozinho","tag-tela-para-assento-automotivo-confortavel-perto-de-mim","tag-tela-para-assento-automotivo-confortavel-preco","tag-tela-para-assento-automotivo-confortavel-proximo-a-mim","tag-tela-para-assento-automotivo-direto-da-fabrica","tag-tela-para-assento-automotivo-em-maua","tag-tela-para-assento-automotivo-em-promocao","tag-tela-para-assento-automotivo-em-santo-andre","tag-tela-para-assento-automotivo-em-sao-paulo","tag-tela-para-assento-automotivo-em-sp","tag-tela-para-assento-automotivo-na-grande-sao-paulo","tag-tela-para-assento-automotivo-na-grande-sp","tag-tela-para-assento-automotivo-na-regiao-sudoeste","tag-tela-para-assento-automotivo-no-polo-industrial-de-sertaozinho","tag-tela-para-assento-automotivo-perto-de-mim","tag-tela-para-assento-automotivo-preco","tag-tela-para-assento-automotivo-proximo-a-mim","tag-tela-para-assento-de-cadeira-de-carro-direto-da-fabrica","tag-tela-para-assento-de-cadeira-de-carro-em-maua","tag-tela-para-assento-de-cadeira-de-carro-em-promocao","tag-tela-para-assento-de-cadeira-de-carro-em-santo-andre","tag-tela-para-assento-de-cadeira-de-carro-em-sao-paulo","tag-tela-para-assento-de-cadeira-de-carro-em-sp","tag-tela-para-assento-de-cadeira-de-carro-na-grande-sao-paulo","tag-tela-para-assento-de-cadeira-de-carro-na-grande-sp","tag-tela-para-assento-de-cadeira-de-carro-na-regiao-sudoeste","tag-tela-para-assento-de-cadeira-de-carro-no-polo-industrial-de-sertaozinho","tag-tela-para-assento-de-cadeira-de-carro-perto-de-mim","tag-tela-para-assento-de-cadeira-de-carro-preco","tag-tela-para-assento-de-cadeira-de-carro-proximo-a-mim","tag-tela-para-assento-de-cadeira-direto-da-fabrica","tag-tela-para-assento-de-cadeira-em-maua","tag-tela-para-assento-de-cadeira-em-promocao","tag-tela-para-assento-de-cadeira-em-santo-andre","tag-tela-para-assento-de-cadeira-em-sao-paulo","tag-tela-para-assento-de-cadeira-em-sp","tag-tela-para-assento-de-cadeira-na-grande-sao-paulo","tag-tela-para-assento-de-cadeira-na-grande-sp","tag-tela-para-assento-de-cadeira-na-regiao-sudoeste","tag-tela-para-assento-de-cadeira-no-polo-industrial-de-sertaozinho","tag-tela-para-assento-de-cadeira-perto-de-mim","tag-tela-para-assento-de-cadeira-preco","tag-tela-para-assento-de-cadeira-proximo-a-mim","tag-tela-para-assento-de-carro-direto-da-fabrica","tag-tela-para-assento-de-carro-em-maua","tag-tela-para-assento-de-carro-em-promocao","tag-tela-para-assento-de-carro-em-santo-andre","tag-tela-para-assento-de-carro-em-sao-paulo","tag-tela-para-assento-de-carro-em-sp","tag-tela-para-assento-de-carro-na-grande-sao-paulo","tag-tela-para-assento-de-carro-na-grande-sp","tag-tela-para-assento-de-carro-na-regiao-sudoeste","tag-tela-para-assento-de-carro-no-polo-industrial-de-sertaozinho","tag-tela-para-assento-de-carro-perto-de-mim","tag-tela-para-assento-de-carro-preco","tag-tela-para-assento-de-carro-proximo-a-mim","tag-telas-de-assento-automotiva-direto-da-fabrica","tag-telas-de-assento-automotiva-em-maua","tag-telas-de-assento-automotiva-em-promocao","tag-telas-de-assento-automotiva-em-santo-andre","tag-telas-de-assento-automotiva-em-sao-paulo","tag-telas-de-assento-automotiva-em-sp","tag-telas-de-assento-automotiva-na-grande-sao-paulo","tag-telas-de-assento-automotiva-na-grande-sp","tag-telas-de-assento-automotiva-na-regiao-sudoeste","tag-telas-de-assento-automotiva-no-polo-industrial-de-sertaozinho","tag-telas-de-assento-automotiva-perto-de-mim","tag-telas-de-assento-automotiva-preco","tag-telas-de-assento-automotiva-proximo-a-mim"],"yoast_head":"<!-- This site is optimized with the Yoast SEO plugin v20.6 - https:\/\/yoast.com\/wordpress\/plugins\/seo\/ -->\n<title>Saiba como evitar dores na coluna ao dirigir - Galutti<\/title>\n<meta name=\"description\" content=\"O uso de telas de assento automotivas \u00e9 a maneira mais eficaz para evitar dores na coluna ao dirigir. Saiba mais sobre ela, no conte\u00fado a seguir.\" \/>\n<meta name=\"robots\" content=\"index, follow, max-snippet:-1, max-image-preview:large, max-video-preview:-1\" \/>\n<link rel=\"canonical\" href=\"https:\/\/www.galutti.com.br\/blog\/tela-de-assento-automotiva\/saiba-como-evitar-dores-na-coluna-ao-dirigir\/\" \/>\n<meta property=\"og:locale\" content=\"pt_BR\" \/>\n<meta property=\"og:type\" content=\"article\" \/>\n<meta property=\"og:title\" content=\"Saiba como evitar dores na coluna ao dirigir - Galutti\" \/>\n<meta property=\"og:description\" content=\"O uso de telas de assento automotivas \u00e9 a maneira mais eficaz para evitar dores na coluna ao dirigir. Saiba mais sobre ela, no conte\u00fado a seguir.\" \/>\n<meta property=\"og:url\" content=\"https:\/\/www.galutti.com.br\/blog\/tela-de-assento-automotiva\/saiba-como-evitar-dores-na-coluna-ao-dirigir\/\" \/>\n<meta property=\"og:site_name\" content=\"Galutti\" \/>\n<meta property=\"article:published_time\" content=\"2023-08-01T14:49:33+00:00\" \/>\n<meta property=\"article:modified_time\" content=\"2023-09-20T14:16:58+00:00\" \/>\n<meta property=\"og:image\" content=\"https:\/\/www.galutti.com.br\/blog\/wp-content\/uploads\/2023\/07\/g0_5d025a423f29c-1.jpg\" \/>\n\t<meta property=\"og:image:width\" content=\"600\" \/>\n\t<meta property=\"og:image:height\" content=\"400\" \/>\n\t<meta property=\"og:image:type\" content=\"image\/jpeg\" \/>\n<meta name=\"author\" content=\"admin\" \/>\n<meta name=\"twitter:card\" content=\"summary_large_image\" \/>\n<meta name=\"twitter:label1\" content=\"Escrito por\" \/>\n\t<meta name=\"twitter:data1\" content=\"admin\" \/>\n\t<meta name=\"twitter:label2\" content=\"Est. tempo de leitura\" \/>\n\t<meta name=\"twitter:data2\" content=\"4 minutos\" \/>\n<script type=\"application\/ld+json\" class=\"yoast-schema-graph\">{\"@context\":\"https:\/\/schema.org\",\"@graph\":[{\"@type\":\"Article\",\"@id\":\"https:\/\/www.galutti.com.br\/blog\/tela-de-assento-automotiva\/saiba-como-evitar-dores-na-coluna-ao-dirigir\/#article\",\"isPartOf\":{\"@id\":\"https:\/\/www.galutti.com.br\/blog\/tela-de-assento-automotiva\/saiba-como-evitar-dores-na-coluna-ao-dirigir\/\"},\"author\":{\"name\":\"admin\",\"@id\":\"https:\/\/www.galutti.com.br\/blog\/#\/schema\/person\/3a36452247a93368ef14d53778a39be7\"},\"headline\":\"Saiba como evitar dores na coluna ao dirigir\",\"datePublished\":\"2023-08-01T14:49:33+00:00\",\"dateModified\":\"2023-09-20T14:16:58+00:00\",\"mainEntityOfPage\":{\"@id\":\"https:\/\/www.galutti.com.br\/blog\/tela-de-assento-automotiva\/saiba-como-evitar-dores-na-coluna-ao-dirigir\/\"},\"wordCount\":704,\"commentCount\":0,\"publisher\":{\"@id\":\"https:\/\/www.galutti.com.br\/blog\/#organization\"},\"keywords\":[\"#REF! onde encontrar Tela para assento automotivo\",\"Assento automotivo ergon\u00f4mico direto da fabrica\",\"Assento automotivo ergon\u00f4mico em Mau\u00e1\",\"Assento automotivo ergon\u00f4mico em promo\u00e7\u00e3o\",\"Assento automotivo ergon\u00f4mico em Santo Andr\u00e9\",\"Assento automotivo ergon\u00f4mico em s\u00e3o paulo\",\"Assento automotivo ergon\u00f4mico em sp\",\"Assento automotivo ergon\u00f4mico na Grande S\u00e3o Paulo\",\"Assento automotivo ergon\u00f4mico na Grande SP\",\"Assento automotivo ergon\u00f4mico na regi\u00e3o Sudoeste\",\"Assento automotivo ergon\u00f4mico no Polo Industrial de Sert\u00e3ozinho\",\"Assento automotivo ergon\u00f4mico perto de mim\",\"Assento automotivo ergon\u00f4mico pre\u00e7o\",\"Assento automotivo ergon\u00f4mico pr\u00f3ximo a mim\",\"Assento para carro direto da fabrica\",\"Assento para carro em Mau\u00e1\",\"Assento para carro em promo\u00e7\u00e3o\",\"Assento para carro em Santo Andr\u00e9\",\"Assento para carro em s\u00e3o paulo\",\"Assento para carro em sp\",\"Assento para carro na Grande S\u00e3o Paulo\",\"Assento para carro na Grande SP\",\"Assento para carro na regi\u00e3o Sudoeste\",\"Assento para carro no Polo Industrial de Sert\u00e3ozinho\",\"Assento para carro perto de mim\",\"Assento para carro pre\u00e7o\",\"Assento para carro pr\u00f3ximo a mim\",\"comprar Assento automotivo ergon\u00f4mico\",\"comprar Assento para carro\",\"comprar Tela de assento ergon\u00f4mico\",\"comprar Tela para assento automotivo\",\"comprar Tela para assento automotivo confort\u00e1vel\",\"comprar Tela para assento de cadeira\",\"comprar Tela para assento de cadeira de carro\",\"comprar Tela para assento de carro\",\"comprar Telas de assento automotiva\",\"distribuidor de Assento automotivo ergon\u00f4mico\",\"distribuidor de Assento para carro\",\"distribuidor de Tela de assento ergon\u00f4mico\",\"distribuidor de Tela para assento automotivo\",\"distribuidor de Tela para assento automotivo confort\u00e1vel\",\"distribuidor de Tela para assento de cadeira\",\"distribuidor de Tela para assento de cadeira de carro\",\"distribuidor de Tela para assento de carro\",\"distribuidor de Telas de assento automotiva\",\"distribuidora de Assento automotivo ergon\u00f4mico\",\"distribuidora de Assento para carro\",\"distribuidora de Tela de assento ergon\u00f4mico\",\"distribuidora de Tela para assento automotivo\",\"distribuidora de Tela para assento automotivo confort\u00e1vel\",\"distribuidora de Tela para assento de cadeira\",\"distribuidora de Tela para assento de cadeira de carro\",\"distribuidora de Tela para assento de carro\",\"distribuidora de Telas de assento automotiva\",\"empresa de Assento automotivo ergon\u00f4mico\",\"empresa de Assento para carro\",\"empresa de Tela de assento ergon\u00f4mico\",\"empresa de Tela para assento automotivo\",\"empresa de Tela para assento automotivo confort\u00e1vel\",\"empresa de Tela para assento de cadeira\",\"empresa de Tela para assento de cadeira de carro\",\"empresa de Tela para assento de carro\",\"empresa de Telas de assento automotiva\",\"f\u00e1brica de Assento automotivo ergon\u00f4mico\",\"f\u00e1brica de Assento para carro\",\"f\u00e1brica de Tela de assento ergon\u00f4mico\",\"f\u00e1brica de Tela para assento automotivo\",\"f\u00e1brica de Tela para assento automotivo confort\u00e1vel\",\"f\u00e1brica de Tela para assento de cadeira\",\"f\u00e1brica de Tela para assento de cadeira de carro\",\"f\u00e1brica de Tela para assento de carro\",\"f\u00e1brica de Telas de assento automotiva\",\"fabricante de Assento automotivo ergon\u00f4mico\",\"fabricante de Assento para carro\",\"fabricante de Tela de assento ergon\u00f4mico\",\"fabricante de Tela para assento automotivo\",\"fabricante de Tela para assento automotivo confort\u00e1vel\",\"fabricante de Tela para assento de cadeira\",\"fabricante de Tela para assento de cadeira de carro\",\"fabricante de Tela para assento de carro\",\"fabricante de Telas de assento automotiva\",\"fornecedor de Assento automotivo ergon\u00f4mico\",\"fornecedor de Assento para carro\",\"fornecedor de Tela de assento ergon\u00f4mico\",\"fornecedor de Tela para assento automotivo\",\"fornecedor de Tela para assento automotivo confort\u00e1vel\",\"fornecedor de Tela para assento de cadeira\",\"fornecedor de Tela para assento de cadeira de carro\",\"fornecedor de Tela para assento de carro\",\"fornecedor de Telas de assento automotiva\",\"loja de Assento automotivo ergon\u00f4mico\",\"loja de Assento para carro\",\"loja de Tela de assento ergon\u00f4mico\",\"loja de Tela para assento automotivo\",\"loja de Tela para assento automotivo confort\u00e1vel\",\"loja de Tela para assento de cadeira\",\"loja de Tela para assento de cadeira de carro\",\"loja de Tela para assento de carro\",\"loja de Telas de assento automotiva\",\"onde encontrar Assento automotivo ergon\u00f4mico\",\"onde encontrar Assento para carro\",\"onde encontrar Tela de assento ergon\u00f4mico\",\"onde encontrar Tela para assento automotivo confort\u00e1vel\",\"onde encontrar Tela para assento de cadeira\",\"onde encontrar Tela para assento de cadeira de carro\",\"onde encontrar Tela para assento de carro\",\"onde encontrar Telas de assento automotiva\",\"revendedor de Assento automotivo ergon\u00f4mico\",\"revendedor de Assento para carro\",\"revendedor de Tela de assento ergon\u00f4mico\",\"revendedor de Tela para assento automotivo\",\"revendedor de Tela para assento automotivo confort\u00e1vel\",\"revendedor de Tela para assento de cadeira\",\"revendedor de Tela para assento de cadeira de carro\",\"revendedor de Tela para assento de carro\",\"revendedor de Telas de assento automotiva\",\"servi\u00e7o de Assento automotivo ergon\u00f4mico\",\"servi\u00e7o de Assento para carro\",\"servi\u00e7o de Tela de assento ergon\u00f4mico\",\"servi\u00e7o de Tela para assento automotivo\",\"servi\u00e7o de Tela para assento automotivo confort\u00e1vel\",\"servi\u00e7o de Tela para assento de cadeira\",\"servi\u00e7o de Tela para assento de cadeira de carro\",\"servi\u00e7o de Tela para assento de carro\",\"servi\u00e7o de Telas de assento automotiva\",\"Tela de assento ergon\u00f4mico direto da fabrica\",\"Tela de assento ergon\u00f4mico em Mau\u00e1\",\"Tela de assento ergon\u00f4mico em promo\u00e7\u00e3o\",\"Tela de assento ergon\u00f4mico em Santo Andr\u00e9\",\"Tela de assento ergon\u00f4mico em s\u00e3o paulo\",\"Tela de assento ergon\u00f4mico em sp\",\"Tela de assento ergon\u00f4mico na Grande S\u00e3o Paulo\",\"Tela de assento ergon\u00f4mico na Grande SP\",\"Tela de assento ergon\u00f4mico na regi\u00e3o Sudoeste\",\"Tela de assento ergon\u00f4mico no Polo Industrial de Sert\u00e3ozinho\",\"Tela de assento ergon\u00f4mico perto de mim\",\"Tela de assento ergon\u00f4mico pre\u00e7o\",\"Tela de assento ergon\u00f4mico pr\u00f3ximo a mim\",\"Tela para assento automotivo confort\u00e1vel direto da fabrica\",\"Tela para assento automotivo confort\u00e1vel em Mau\u00e1\",\"Tela para assento automotivo confort\u00e1vel em promo\u00e7\u00e3o\",\"Tela para assento automotivo confort\u00e1vel em Santo Andr\u00e9\",\"Tela para assento automotivo confort\u00e1vel em s\u00e3o paulo\",\"Tela para assento automotivo confort\u00e1vel em sp\",\"Tela para assento automotivo confort\u00e1vel na Grande S\u00e3o Paulo\",\"Tela para assento automotivo confort\u00e1vel na Grande SP\",\"Tela para assento automotivo confort\u00e1vel na regi\u00e3o Sudoeste\",\"Tela para assento automotivo confort\u00e1vel no Polo Industrial de Sert\u00e3ozinho\",\"Tela para assento automotivo confort\u00e1vel perto de mim\",\"Tela para assento automotivo confort\u00e1vel pre\u00e7o\",\"Tela para assento automotivo confort\u00e1vel pr\u00f3ximo a mim\",\"Tela para assento automotivo direto da fabrica\",\"Tela para assento automotivo em Mau\u00e1\",\"Tela para assento automotivo em promo\u00e7\u00e3o\",\"Tela para assento automotivo em Santo Andr\u00e9\",\"Tela para assento automotivo em s\u00e3o paulo\",\"Tela para assento automotivo em sp\",\"Tela para assento automotivo na Grande S\u00e3o Paulo\",\"Tela para assento automotivo na Grande SP\",\"Tela para assento automotivo na regi\u00e3o Sudoeste\",\"Tela para assento automotivo no Polo Industrial de Sert\u00e3ozinho\",\"Tela para assento automotivo perto de mim\",\"Tela para assento automotivo pre\u00e7o\",\"Tela para assento automotivo pr\u00f3ximo a mim\",\"Tela para assento de cadeira de carro direto da fabrica\",\"Tela para assento de cadeira de carro em Mau\u00e1\",\"Tela para assento de cadeira de carro em promo\u00e7\u00e3o\",\"Tela para assento de cadeira de carro em Santo Andr\u00e9\",\"Tela para assento de cadeira de carro em s\u00e3o paulo\",\"Tela para assento de cadeira de carro em sp\",\"Tela para assento de cadeira de carro na Grande S\u00e3o Paulo\",\"Tela para assento de cadeira de carro na Grande SP\",\"Tela para assento de cadeira de carro na regi\u00e3o Sudoeste\",\"Tela para assento de cadeira de carro no Polo Industrial de Sert\u00e3ozinho\",\"Tela para assento de cadeira de carro perto de mim\",\"Tela para assento de cadeira de carro pre\u00e7o\",\"Tela para assento de cadeira de carro pr\u00f3ximo a mim\",\"Tela para assento de cadeira direto da fabrica\",\"Tela para assento de cadeira em Mau\u00e1\",\"Tela para assento de cadeira em promo\u00e7\u00e3o\",\"Tela para assento de cadeira em Santo Andr\u00e9\",\"Tela para assento de cadeira em s\u00e3o paulo\",\"Tela para assento de cadeira em sp\",\"Tela para assento de cadeira na Grande S\u00e3o Paulo\",\"Tela para assento de cadeira na Grande SP\",\"Tela para assento de cadeira na regi\u00e3o Sudoeste\",\"Tela para assento de cadeira no Polo Industrial de Sert\u00e3ozinho\",\"Tela para assento de cadeira perto de mim\",\"Tela para assento de cadeira pre\u00e7o\",\"Tela para assento de cadeira pr\u00f3ximo a mim\",\"Tela para assento de carro direto da fabrica\",\"Tela para assento de carro em Mau\u00e1\",\"Tela para assento de carro em promo\u00e7\u00e3o\",\"Tela para assento de carro em Santo Andr\u00e9\",\"Tela para assento de carro em s\u00e3o paulo\",\"Tela para assento de carro em sp\",\"Tela para assento de carro na Grande S\u00e3o Paulo\",\"Tela para assento de carro na Grande SP\",\"Tela para assento de carro na regi\u00e3o Sudoeste\",\"Tela para assento de carro no Polo Industrial de Sert\u00e3ozinho\",\"Tela para assento de carro perto de mim\",\"Tela para assento de carro pre\u00e7o\",\"Tela para assento de carro pr\u00f3ximo a mim\",\"Telas de assento automotiva direto da fabrica\",\"Telas de assento automotiva em Mau\u00e1\",\"Telas de assento automotiva em promo\u00e7\u00e3o\",\"Telas de assento automotiva em Santo Andr\u00e9\",\"Telas de assento automotiva em s\u00e3o paulo\",\"Telas de assento automotiva em sp\",\"Telas de assento automotiva na Grande S\u00e3o Paulo\",\"Telas de assento automotiva na Grande SP\",\"Telas de assento automotiva na regi\u00e3o Sudoeste\",\"Telas de assento automotiva no Polo Industrial de Sert\u00e3ozinho\",\"Telas de assento automotiva perto de mim\",\"Telas de assento automotiva pre\u00e7o\",\"Telas de assento automotiva pr\u00f3ximo a mim\"],\"articleSection\":[\"Tela de assento automotiva\"],\"inLanguage\":\"pt-BR\",\"potentialAction\":[{\"@type\":\"CommentAction\",\"name\":\"Comment\",\"target\":[\"https:\/\/www.galutti.com.br\/blog\/tela-de-assento-automotiva\/saiba-como-evitar-dores-na-coluna-ao-dirigir\/#respond\"]}]},{\"@type\":\"WebPage\",\"@id\":\"https:\/\/www.galutti.com.br\/blog\/tela-de-assento-automotiva\/saiba-como-evitar-dores-na-coluna-ao-dirigir\/\",\"url\":\"https:\/\/www.galutti.com.br\/blog\/tela-de-assento-automotiva\/saiba-como-evitar-dores-na-coluna-ao-dirigir\/\",\"name\":\"Saiba como evitar dores na coluna ao dirigir - Galutti\",\"isPartOf\":{\"@id\":\"https:\/\/www.galutti.com.br\/blog\/#website\"},\"datePublished\":\"2023-08-01T14:49:33+00:00\",\"dateModified\":\"2023-09-20T14:16:58+00:00\",\"description\":\"O uso de telas de assento automotivas \u00e9 a maneira mais eficaz para evitar dores na coluna ao dirigir. Saiba mais sobre ela, no conte\u00fado a seguir.\",\"breadcrumb\":{\"@id\":\"https:\/\/www.galutti.com.br\/blog\/tela-de-assento-automotiva\/saiba-como-evitar-dores-na-coluna-ao-dirigir\/#breadcrumb\"},\"inLanguage\":\"pt-BR\",\"potentialAction\":[{\"@type\":\"ReadAction\",\"target\":[\"https:\/\/www.galutti.com.br\/blog\/tela-de-assento-automotiva\/saiba-como-evitar-dores-na-coluna-ao-dirigir\/\"]}]},{\"@type\":\"BreadcrumbList\",\"@id\":\"https:\/\/www.galutti.com.br\/blog\/tela-de-assento-automotiva\/saiba-como-evitar-dores-na-coluna-ao-dirigir\/#breadcrumb\",\"itemListElement\":[{\"@type\":\"ListItem\",\"position\":1,\"name\":\"In\u00edcio\",\"item\":\"https:\/\/www.galutti.com.br\/blog\/\"},{\"@type\":\"ListItem\",\"position\":2,\"name\":\"Saiba como evitar dores na coluna ao dirigir\"}]},{\"@type\":\"WebSite\",\"@id\":\"https:\/\/www.galutti.com.br\/blog\/#website\",\"url\":\"https:\/\/www.galutti.com.br\/blog\/\",\"name\":\"Galutti\",\"description\":\"Blog - Galutti\",\"publisher\":{\"@id\":\"https:\/\/www.galutti.com.br\/blog\/#organization\"},\"potentialAction\":[{\"@type\":\"SearchAction\",\"target\":{\"@type\":\"EntryPoint\",\"urlTemplate\":\"https:\/\/www.galutti.com.br\/blog\/?s={search_term_string}\"},\"query-input\":\"required name=search_term_string\"}],\"inLanguage\":\"pt-BR\"},{\"@type\":\"Organization\",\"@id\":\"https:\/\/www.galutti.com.br\/blog\/#organization\",\"name\":\"Galutti\",\"url\":\"https:\/\/www.galutti.com.br\/blog\/\",\"logo\":{\"@type\":\"ImageObject\",\"inLanguage\":\"pt-BR\",\"@id\":\"https:\/\/www.galutti.com.br\/blog\/#\/schema\/logo\/image\/\",\"url\":\"https:\/\/www.galutti.com.br\/blog\/wp-content\/uploads\/2023\/05\/logo.webp\",\"contentUrl\":\"https:\/\/www.galutti.com.br\/blog\/wp-content\/uploads\/2023\/05\/logo.webp\",\"width\":160,\"height\":86,\"caption\":\"Galutti\"},\"image\":{\"@id\":\"https:\/\/www.galutti.com.br\/blog\/#\/schema\/logo\/image\/\"}},{\"@type\":\"Person\",\"@id\":\"https:\/\/www.galutti.com.br\/blog\/#\/schema\/person\/3a36452247a93368ef14d53778a39be7\",\"name\":\"admin\",\"image\":{\"@type\":\"ImageObject\",\"inLanguage\":\"pt-BR\",\"@id\":\"https:\/\/www.galutti.com.br\/blog\/#\/schema\/person\/image\/\",\"url\":\"https:\/\/secure.gravatar.com\/avatar\/3813f53848958b8842eeafda91666185a90010f65ed554379b78794cde6f234a?s=96&d=mm&r=g\",\"contentUrl\":\"https:\/\/secure.gravatar.com\/avatar\/3813f53848958b8842eeafda91666185a90010f65ed554379b78794cde6f234a?s=96&d=mm&r=g\",\"caption\":\"admin\"},\"sameAs\":[\"https:\/\/galutti.com.br\/blog\"],\"url\":\"https:\/\/www.galutti.com.br\/blog\/author\/admin\/\"}]}<\/script>\n<!-- \/ Yoast SEO plugin. -->","yoast_head_json":{"title":"Saiba como evitar dores na coluna ao dirigir - Galutti","description":"O uso de telas de assento automotivas \u00e9 a maneira mais eficaz para evitar dores na coluna ao dirigir. Saiba mais sobre ela, no conte\u00fado a seguir.","robots":{"index":"index","follow":"follow","max-snippet":"max-snippet:-1","max-image-preview":"max-image-preview:large","max-video-preview":"max-video-preview:-1"},"canonical":"https:\/\/www.galutti.com.br\/blog\/tela-de-assento-automotiva\/saiba-como-evitar-dores-na-coluna-ao-dirigir\/","og_locale":"pt_BR","og_type":"article","og_title":"Saiba como evitar dores na coluna ao dirigir - Galutti","og_description":"O uso de telas de assento automotivas \u00e9 a maneira mais eficaz para evitar dores na coluna ao dirigir. Saiba mais sobre ela, no conte\u00fado a seguir.","og_url":"https:\/\/www.galutti.com.br\/blog\/tela-de-assento-automotiva\/saiba-como-evitar-dores-na-coluna-ao-dirigir\/","og_site_name":"Galutti","article_published_time":"2023-08-01T14:49:33+00:00","article_modified_time":"2023-09-20T14:16:58+00:00","og_image":[{"width":600,"height":400,"url":"https:\/\/www.galutti.com.br\/blog\/wp-content\/uploads\/2023\/07\/g0_5d025a423f29c-1.jpg","type":"image\/jpeg"}],"author":"admin","twitter_card":"summary_large_image","twitter_misc":{"Escrito por":"admin","Est. tempo de leitura":"4 minutos"},"schema":{"@context":"https:\/\/schema.org","@graph":[{"@type":"Article","@id":"https:\/\/www.galutti.com.br\/blog\/tela-de-assento-automotiva\/saiba-como-evitar-dores-na-coluna-ao-dirigir\/#article","isPartOf":{"@id":"https:\/\/www.galutti.com.br\/blog\/tela-de-assento-automotiva\/saiba-como-evitar-dores-na-coluna-ao-dirigir\/"},"author":{"name":"admin","@id":"https:\/\/www.galutti.com.br\/blog\/#\/schema\/person\/3a36452247a93368ef14d53778a39be7"},"headline":"Saiba como evitar dores na coluna ao dirigir","datePublished":"2023-08-01T14:49:33+00:00","dateModified":"2023-09-20T14:16:58+00:00","mainEntityOfPage":{"@id":"https:\/\/www.galutti.com.br\/blog\/tela-de-assento-automotiva\/saiba-como-evitar-dores-na-coluna-ao-dirigir\/"},"wordCount":704,"commentCount":0,"publisher":{"@id":"https:\/\/www.galutti.com.br\/blog\/#organization"},"keywords":["#REF! onde encontrar Tela para assento automotivo","Assento automotivo ergon\u00f4mico direto da fabrica","Assento automotivo ergon\u00f4mico em Mau\u00e1","Assento automotivo ergon\u00f4mico em promo\u00e7\u00e3o","Assento automotivo ergon\u00f4mico em Santo Andr\u00e9","Assento automotivo ergon\u00f4mico em s\u00e3o paulo","Assento automotivo ergon\u00f4mico em sp","Assento automotivo ergon\u00f4mico na Grande S\u00e3o Paulo","Assento automotivo ergon\u00f4mico na Grande SP","Assento automotivo ergon\u00f4mico na regi\u00e3o Sudoeste","Assento automotivo ergon\u00f4mico no Polo Industrial de Sert\u00e3ozinho","Assento automotivo ergon\u00f4mico perto de mim","Assento automotivo ergon\u00f4mico pre\u00e7o","Assento automotivo ergon\u00f4mico pr\u00f3ximo a mim","Assento para carro direto da fabrica","Assento para carro em Mau\u00e1","Assento para carro em promo\u00e7\u00e3o","Assento para carro em Santo Andr\u00e9","Assento para carro em s\u00e3o paulo","Assento para carro em sp","Assento para carro na Grande S\u00e3o Paulo","Assento para carro na Grande SP","Assento para carro na regi\u00e3o Sudoeste","Assento para carro no Polo Industrial de Sert\u00e3ozinho","Assento para carro perto de mim","Assento para carro pre\u00e7o","Assento para carro pr\u00f3ximo a mim","comprar Assento automotivo ergon\u00f4mico","comprar Assento para carro","comprar Tela de assento ergon\u00f4mico","comprar Tela para assento automotivo","comprar Tela para assento automotivo confort\u00e1vel","comprar Tela para assento de cadeira","comprar Tela para assento de cadeira de carro","comprar Tela para assento de carro","comprar Telas de assento automotiva","distribuidor de Assento automotivo ergon\u00f4mico","distribuidor de Assento para carro","distribuidor de Tela de assento ergon\u00f4mico","distribuidor de Tela para assento automotivo","distribuidor de Tela para assento automotivo confort\u00e1vel","distribuidor de Tela para assento de cadeira","distribuidor de Tela para assento de cadeira de carro","distribuidor de Tela para assento de carro","distribuidor de Telas de assento automotiva","distribuidora de Assento automotivo ergon\u00f4mico","distribuidora de Assento para carro","distribuidora de Tela de assento ergon\u00f4mico","distribuidora de Tela para assento automotivo","distribuidora de Tela para assento automotivo confort\u00e1vel","distribuidora de Tela para assento de cadeira","distribuidora de Tela para assento de cadeira de carro","distribuidora de Tela para assento de carro","distribuidora de Telas de assento automotiva","empresa de Assento automotivo ergon\u00f4mico","empresa de Assento para carro","empresa de Tela de assento ergon\u00f4mico","empresa de Tela para assento automotivo","empresa de Tela para assento automotivo confort\u00e1vel","empresa de Tela para assento de cadeira","empresa de Tela para assento de cadeira de carro","empresa de Tela para assento de carro","empresa de Telas de assento automotiva","f\u00e1brica de Assento automotivo ergon\u00f4mico","f\u00e1brica de Assento para carro","f\u00e1brica de Tela de assento ergon\u00f4mico","f\u00e1brica de Tela para assento automotivo","f\u00e1brica de Tela para assento automotivo confort\u00e1vel","f\u00e1brica de Tela para assento de cadeira","f\u00e1brica de Tela para assento de cadeira de carro","f\u00e1brica de Tela para assento de carro","f\u00e1brica de Telas de assento automotiva","fabricante de Assento automotivo ergon\u00f4mico","fabricante de Assento para carro","fabricante de Tela de assento ergon\u00f4mico","fabricante de Tela para assento automotivo","fabricante de Tela para assento automotivo confort\u00e1vel","fabricante de Tela para assento de cadeira","fabricante de Tela para assento de cadeira de carro","fabricante de Tela para assento de carro","fabricante de Telas de assento automotiva","fornecedor de Assento automotivo ergon\u00f4mico","fornecedor de Assento para carro","fornecedor de Tela de assento ergon\u00f4mico","fornecedor de Tela para assento automotivo","fornecedor de Tela para assento automotivo confort\u00e1vel","fornecedor de Tela para assento de cadeira","fornecedor de Tela para assento de cadeira de carro","fornecedor de Tela para assento de carro","fornecedor de Telas de assento automotiva","loja de Assento automotivo ergon\u00f4mico","loja de Assento para carro","loja de Tela de assento ergon\u00f4mico","loja de Tela para assento automotivo","loja de Tela para assento automotivo confort\u00e1vel","loja de Tela para assento de cadeira","loja de Tela para assento de cadeira de carro","loja de Tela para assento de carro","loja de Telas de assento automotiva","onde encontrar Assento automotivo ergon\u00f4mico","onde encontrar Assento para carro","onde encontrar Tela de assento ergon\u00f4mico","onde encontrar Tela para assento automotivo confort\u00e1vel","onde encontrar Tela para assento de cadeira","onde encontrar Tela para assento de cadeira de carro","onde encontrar Tela para assento de carro","onde encontrar Telas de assento automotiva","revendedor de Assento automotivo ergon\u00f4mico","revendedor de Assento para carro","revendedor de Tela de assento ergon\u00f4mico","revendedor de Tela para assento automotivo","revendedor de Tela para assento automotivo confort\u00e1vel","revendedor de Tela para assento de cadeira","revendedor de Tela para assento de cadeira de carro","revendedor de Tela para assento de carro","revendedor de Telas de assento automotiva","servi\u00e7o de Assento automotivo ergon\u00f4mico","servi\u00e7o de Assento para carro","servi\u00e7o de Tela de assento ergon\u00f4mico","servi\u00e7o de Tela para assento automotivo","servi\u00e7o de Tela para assento automotivo confort\u00e1vel","servi\u00e7o de Tela para assento de cadeira","servi\u00e7o de Tela para assento de cadeira de carro","servi\u00e7o de Tela para assento de carro","servi\u00e7o de Telas de assento automotiva","Tela de assento ergon\u00f4mico direto da fabrica","Tela de assento ergon\u00f4mico em Mau\u00e1","Tela de assento ergon\u00f4mico em promo\u00e7\u00e3o","Tela de assento ergon\u00f4mico em Santo Andr\u00e9","Tela de assento ergon\u00f4mico em s\u00e3o paulo","Tela de assento ergon\u00f4mico em sp","Tela de assento ergon\u00f4mico na Grande S\u00e3o Paulo","Tela de assento ergon\u00f4mico na Grande SP","Tela de assento ergon\u00f4mico na regi\u00e3o Sudoeste","Tela de assento ergon\u00f4mico no Polo Industrial de Sert\u00e3ozinho","Tela de assento ergon\u00f4mico perto de mim","Tela de assento ergon\u00f4mico pre\u00e7o","Tela de assento ergon\u00f4mico pr\u00f3ximo a mim","Tela para assento automotivo confort\u00e1vel direto da fabrica","Tela para assento automotivo confort\u00e1vel em Mau\u00e1","Tela para assento automotivo confort\u00e1vel em promo\u00e7\u00e3o","Tela para assento automotivo confort\u00e1vel em Santo Andr\u00e9","Tela para assento automotivo confort\u00e1vel em s\u00e3o paulo","Tela para assento automotivo confort\u00e1vel em sp","Tela para assento automotivo confort\u00e1vel na Grande S\u00e3o Paulo","Tela para assento automotivo confort\u00e1vel na Grande SP","Tela para assento automotivo confort\u00e1vel na regi\u00e3o Sudoeste","Tela para assento automotivo confort\u00e1vel no Polo Industrial de Sert\u00e3ozinho","Tela para assento automotivo confort\u00e1vel perto de mim","Tela para assento automotivo confort\u00e1vel pre\u00e7o","Tela para assento automotivo confort\u00e1vel pr\u00f3ximo a mim","Tela para assento automotivo direto da fabrica","Tela para assento automotivo em Mau\u00e1","Tela para assento automotivo em promo\u00e7\u00e3o","Tela para assento automotivo em Santo Andr\u00e9","Tela para assento automotivo em s\u00e3o paulo","Tela para assento automotivo em sp","Tela para assento automotivo na Grande S\u00e3o Paulo","Tela para assento automotivo na Grande SP","Tela para assento automotivo na regi\u00e3o Sudoeste","Tela para assento automotivo no Polo Industrial de Sert\u00e3ozinho","Tela para assento automotivo perto de mim","Tela para assento automotivo pre\u00e7o","Tela para assento automotivo pr\u00f3ximo a mim","Tela para assento de cadeira de carro direto da fabrica","Tela para assento de cadeira de carro em Mau\u00e1","Tela para assento de cadeira de carro em promo\u00e7\u00e3o","Tela para assento de cadeira de carro em Santo Andr\u00e9","Tela para assento de cadeira de carro em s\u00e3o paulo","Tela para assento de cadeira de carro em sp","Tela para assento de cadeira de carro na Grande S\u00e3o Paulo","Tela para assento de cadeira de carro na Grande SP","Tela para assento de cadeira de carro na regi\u00e3o Sudoeste","Tela para assento de cadeira de carro no Polo Industrial de Sert\u00e3ozinho","Tela para assento de cadeira de carro perto de mim","Tela para assento de cadeira de carro pre\u00e7o","Tela para assento de cadeira de carro pr\u00f3ximo a mim","Tela para assento de cadeira direto da fabrica","Tela para assento de cadeira em Mau\u00e1","Tela para assento de cadeira em promo\u00e7\u00e3o","Tela para assento de cadeira em Santo Andr\u00e9","Tela para assento de cadeira em s\u00e3o paulo","Tela para assento de cadeira em sp","Tela para assento de cadeira na Grande S\u00e3o Paulo","Tela para assento de cadeira na Grande SP","Tela para assento de cadeira na regi\u00e3o Sudoeste","Tela para assento de cadeira no Polo Industrial de Sert\u00e3ozinho","Tela para assento de cadeira perto de mim","Tela para assento de cadeira pre\u00e7o","Tela para assento de cadeira pr\u00f3ximo a mim","Tela para assento de carro direto da fabrica","Tela para assento de carro em Mau\u00e1","Tela para assento de carro em promo\u00e7\u00e3o","Tela para assento de carro em Santo Andr\u00e9","Tela para assento de carro em s\u00e3o paulo","Tela para assento de carro em sp","Tela para assento de carro na Grande S\u00e3o Paulo","Tela para assento de carro na Grande SP","Tela para assento de carro na regi\u00e3o Sudoeste","Tela para assento de carro no Polo Industrial de Sert\u00e3ozinho","Tela para assento de carro perto de mim","Tela para assento de carro pre\u00e7o","Tela para assento de carro pr\u00f3ximo a mim","Telas de assento automotiva direto da fabrica","Telas de assento automotiva em Mau\u00e1","Telas de assento automotiva em promo\u00e7\u00e3o","Telas de assento automotiva em Santo Andr\u00e9","Telas de assento automotiva em s\u00e3o paulo","Telas de assento automotiva em sp","Telas de assento automotiva na Grande S\u00e3o Paulo","Telas de assento automotiva na Grande SP","Telas de assento automotiva na regi\u00e3o Sudoeste","Telas de assento automotiva no Polo Industrial de Sert\u00e3ozinho","Telas de assento automotiva perto de mim","Telas de assento automotiva pre\u00e7o","Telas de assento automotiva pr\u00f3ximo a mim"],"articleSection":["Tela de assento automotiva"],"inLanguage":"pt-BR","potentialAction":[{"@type":"CommentAction","name":"Comment","target":["https:\/\/www.galutti.com.br\/blog\/tela-de-assento-automotiva\/saiba-como-evitar-dores-na-coluna-ao-dirigir\/#respond"]}]},{"@type":"WebPage","@id":"https:\/\/www.galutti.com.br\/blog\/tela-de-assento-automotiva\/saiba-como-evitar-dores-na-coluna-ao-dirigir\/","url":"https:\/\/www.galutti.com.br\/blog\/tela-de-assento-automotiva\/saiba-como-evitar-dores-na-coluna-ao-dirigir\/","name":"Saiba como evitar dores na coluna ao dirigir - Galutti","isPartOf":{"@id":"https:\/\/www.galutti.com.br\/blog\/#website"},"datePublished":"2023-08-01T14:49:33+00:00","dateModified":"2023-09-20T14:16:58+00:00","description":"O uso de telas de assento automotivas \u00e9 a maneira mais eficaz para evitar dores na coluna ao dirigir. Saiba mais sobre ela, no conte\u00fado a seguir.","breadcrumb":{"@id":"https:\/\/www.galutti.com.br\/blog\/tela-de-assento-automotiva\/saiba-como-evitar-dores-na-coluna-ao-dirigir\/#breadcrumb"},"inLanguage":"pt-BR","potentialAction":[{"@type":"ReadAction","target":["https:\/\/www.galutti.com.br\/blog\/tela-de-assento-automotiva\/saiba-como-evitar-dores-na-coluna-ao-dirigir\/"]}]},{"@type":"BreadcrumbList","@id":"https:\/\/www.galutti.com.br\/blog\/tela-de-assento-automotiva\/saiba-como-evitar-dores-na-coluna-ao-dirigir\/#breadcrumb","itemListElement":[{"@type":"ListItem","position":1,"name":"In\u00edcio","item":"https:\/\/www.galutti.com.br\/blog\/"},{"@type":"ListItem","position":2,"name":"Saiba como evitar dores na coluna ao dirigir"}]},{"@type":"WebSite","@id":"https:\/\/www.galutti.com.br\/blog\/#website","url":"https:\/\/www.galutti.com.br\/blog\/","name":"Galutti","description":"Blog - Galutti","publisher":{"@id":"https:\/\/www.galutti.com.br\/blog\/#organization"},"potentialAction":[{"@type":"SearchAction","target":{"@type":"EntryPoint","urlTemplate":"https:\/\/www.galutti.com.br\/blog\/?s={search_term_string}"},"query-input":"required name=search_term_string"}],"inLanguage":"pt-BR"},{"@type":"Organization","@id":"https:\/\/www.galutti.com.br\/blog\/#organization","name":"Galutti","url":"https:\/\/www.galutti.com.br\/blog\/","logo":{"@type":"ImageObject","inLanguage":"pt-BR","@id":"https:\/\/www.galutti.com.br\/blog\/#\/schema\/logo\/image\/","url":"https:\/\/www.galutti.com.br\/blog\/wp-content\/uploads\/2023\/05\/logo.webp","contentUrl":"https:\/\/www.galutti.com.br\/blog\/wp-content\/uploads\/2023\/05\/logo.webp","width":160,"height":86,"caption":"Galutti"},"image":{"@id":"https:\/\/www.galutti.com.br\/blog\/#\/schema\/logo\/image\/"}},{"@type":"Person","@id":"https:\/\/www.galutti.com.br\/blog\/#\/schema\/person\/3a36452247a93368ef14d53778a39be7","name":"admin","image":{"@type":"ImageObject","inLanguage":"pt-BR","@id":"https:\/\/www.galutti.com.br\/blog\/#\/schema\/person\/image\/","url":"https:\/\/secure.gravatar.com\/avatar\/3813f53848958b8842eeafda91666185a90010f65ed554379b78794cde6f234a?s=96&d=mm&r=g","contentUrl":"https:\/\/secure.gravatar.com\/avatar\/3813f53848958b8842eeafda91666185a90010f65ed554379b78794cde6f234a?s=96&d=mm&r=g","caption":"admin"},"sameAs":["https:\/\/galutti.com.br\/blog"],"url":"https:\/\/www.galutti.com.br\/blog\/author\/admin\/"}]}},"_links":{"self":[{"href":"https:\/\/www.galutti.com.br\/blog\/wp-json\/wp\/v2\/posts\/46","targetHints":{"allow":["GET"]}}],"collection":[{"href":"https:\/\/www.galutti.com.br\/blog\/wp-json\/wp\/v2\/posts"}],"about":[{"href":"https:\/\/www.galutti.com.br\/blog\/wp-json\/wp\/v2\/types\/post"}],"author":[{"embeddable":true,"href":"https:\/\/www.galutti.com.br\/blog\/wp-json\/wp\/v2\/users\/1"}],"replies":[{"embeddable":true,"href":"https:\/\/www.galutti.com.br\/blog\/wp-json\/wp\/v2\/comments?post=46"}],"version-history":[{"count":2,"href":"https:\/\/www.galutti.com.br\/blog\/wp-json\/wp\/v2\/posts\/46\/revisions"}],"predecessor-version":[{"id":63,"href":"https:\/\/www.galutti.com.br\/blog\/wp-json\/wp\/v2\/posts\/46\/revisions\/63"}],"wp:featuredmedia":[{"embeddable":true,"href":"https:\/\/www.galutti.com.br\/blog\/wp-json\/wp\/v2\/media\/47"}],"wp:attachment":[{"href":"https:\/\/www.galutti.com.br\/blog\/wp-json\/wp\/v2\/media?parent=46"}],"wp:term":[{"taxonomy":"category","embeddable":true,"href":"https:\/\/www.galutti.com.br\/blog\/wp-json\/wp\/v2\/categories?post=46"},{"taxonomy":"post_tag","embeddable":true,"href":"https:\/\/www.galutti.com.br\/blog\/wp-json\/wp\/v2\/tags?post=46"}],"curies":[{"name":"wp","href":"https:\/\/api.w.org\/{rel}","templated":true}]}}